{"id":725,"date":"2015-05-14T08:29:13","date_gmt":"2015-05-14T08:29:13","guid":{"rendered":"http:\/\/blessing.ancorathemes.com\/?p=725"},"modified":"2016-06-11T14:40:51","modified_gmt":"2016-06-11T14:40:51","slug":"manuel-gomes-martins","status":"publish","type":"post","link":"http:\/\/www.funerariamargarida.pt\/fr\/manuel-gomes-martins\/","title":{"rendered":"Manuel Gomes Martins"},"content":{"rendered":"<h4 class=\"post_title\" style=\"text-align: center;\">Manuel Gomes Martins<\/h4>\n<p>Sua fam\u00edlia cumpre o doloroso dever de participar o seu falecimento e que o funeral se realiza Domingo, dia 17 de Abril, pelas 15:00 horas, da Capela da Ascens\u00e3o &#8211; Muj\u00e3es, onde o f\u00e9retro se encontra em c\u00e2mara ardente, para a Igreja Paroquial, seguindo a sepultar no cemit\u00e9rio da mesma freguesia, ap\u00f3s celebra\u00e7\u00e3o das ex\u00e9quias f\u00fanebres.<\/p>\n<p>Antecipadamente muito reconhecida, agradece a todas as pessoas que se dignarem assistir a este piedoso ato.<\/p>\n","protected":false},"excerpt":{"rendered":"<p>Manuel Gomes Martins Sua fam\u00edlia cumpre o doloroso dever de participar o seu falecimento e que o funeral se realiza Domingo, dia 17 de Abril, pelas 15:00 horas, da Capela da Ascens\u00e3o &#8211; Muj\u00e3es, onde o f\u00e9retro se encontra em c\u00e2mara ardente, para a Igreja Paroquial, seguindo a sepultar no cemit\u00e9rio da mesma freguesia, ap\u00f3s [&hellip;]<\/p>\n","protected":false},"author":2,"featured_media":1304,"comment_status":"open","ping_status":"open","sticky":false,"template":"","format":"standard","meta":{"footnotes":""},"categories":[12,16],"tags":[],"class_list":["post-725","post","type-post","status-publish","format-standard","has-post-thumbnail","hentry","category-memorials","category-necrologia"],"_links":{"self":[{"href":"http:\/\/www.funerariamargarida.pt\/fr\/wp-json\/wp\/v2\/posts\/725","targetHints":{"allow":["GET"]}}],"collection":[{"href":"http:\/\/www.funerariamargarida.pt\/fr\/wp-json\/wp\/v2\/posts"}],"about":[{"href":"http:\/\/www.funerariamargarida.pt\/fr\/wp-json\/wp\/v2\/types\/post"}],"author":[{"embeddable":true,"href":"http:\/\/www.funerariamargarida.pt\/fr\/wp-json\/wp\/v2\/users\/2"}],"replies":[{"embeddable":true,"href":"http:\/\/www.funerariamargarida.pt\/fr\/wp-json\/wp\/v2\/comments?post=725"}],"version-history":[{"count":3,"href":"http:\/\/www.funerariamargarida.pt\/fr\/wp-json\/wp\/v2\/posts\/725\/revisions"}],"predecessor-version":[{"id":1412,"href":"http:\/\/www.funerariamargarida.pt\/fr\/wp-json\/wp\/v2\/posts\/725\/revisions\/1412"}],"wp:featuredmedia":[{"embeddable":true,"href":"http:\/\/www.funerariamargarida.pt\/fr\/wp-json\/wp\/v2\/media\/1304"}],"wp:attachment":[{"href":"http:\/\/www.funerariamargarida.pt\/fr\/wp-json\/wp\/v2\/media?parent=725"}],"wp:term":[{"taxonomy":"category","embeddable":true,"href":"http:\/\/www.funerariamargarida.pt\/fr\/wp-json\/wp\/v2\/categories?post=725"},{"taxonomy":"post_tag","embeddable":true,"href":"http:\/\/www.funerariamargarida.pt\/fr\/wp-json\/wp\/v2\/tags?post=725"}],"curies":[{"name":"wp","href":"https:\/\/api.w.org\/{rel}","templated":true}]}}